{"id":215368,"date":"2026-02-25T10:52:11","date_gmt":"2026-02-25T09:52:11","guid":{"rendered":"https:\/\/www.koruspartners.it\/mainardi-tasini\/?p=215368"},"modified":"2026-02-25T11:06:09","modified_gmt":"2026-02-25T10:06:09","slug":"incontro-di-aggiornamento-professionale","status":"publish","type":"post","link":"https:\/\/www.koruspartners.it\/mainardi-tasini\/eventi\/incontro-di-aggiornamento-professionale\/","title":{"rendered":"Incontro di aggiornamento professionale&#8211;"},"content":{"rendered":"<p>[et_pb_section fb_built=&#8221;1&#8243; admin_label=&#8221;section&#8221; _builder_version=&#8221;3.22&#8243; custom_padding=&#8221;0px|||||&#8221;][et_pb_row _builder_version=&#8221;4.9.10&#8243; _module_preset=&#8221;default&#8221; custom_padding=&#8221;||0px|||&#8221;][et_pb_column type=&#8221;4_4&#8243; _builder_version=&#8221;4.9.10&#8243; _module_preset=&#8221;default&#8221;][et_pb_image src=&#8221;https:\/\/www.koruspartners.it\/mainardi-tasini\/wp-content\/uploads\/2026\/02\/MAINARDI_TASINI_2026_03_3-marzo.jpg&#8221; title_text=&#8221;MAINARDI_TASINI_2026_03_3-marzo&#8221; _builder_version=&#8221;4.9.10&#8243; _module_preset=&#8221;default&#8221; custom_padding=&#8221;|313px||||&#8221; hover_enabled=&#8221;0&#8243; sticky_enabled=&#8221;0&#8243;][\/et_pb_image][et_pb_text _builder_version=&#8221;4.9.10&#8243; _module_preset=&#8221;default&#8221; custom_padding=&#8221;0px||0px|||&#8221;]<\/p>\n<p>In collaborazione con ANC, si terr\u00e0 un nuovo appuntamento di aggiornamento professionale dedicato ai temi di maggiore attualit\u00e0 per i professionisti del settore.<\/p>\n<p>Tra i relatori interverr\u00e0 il Dott. Massimiliano Tasini, che porter\u00e0 il proprio contributo tecnico e operativo, offrendo spunti concreti e strumenti utili per la pratica quotidiana.<\/p>\n<p>\u00a0Un\u2019occasione di confronto e approfondimento, all\u2019insegna della qualit\u00e0 formativa e della condivisione tra colleghi.<\/p>\n<p>\u00a0Di seguito il link per visionare il programma completo.<\/p>\n<p>[\/et_pb_text][\/et_pb_column][\/et_pb_row][et_pb_row _builder_version=&#8221;4.9.10&#8243; _module_preset=&#8221;default&#8221;][et_pb_column type=&#8221;4_4&#8243; _builder_version=&#8221;4.9.10&#8243; _module_preset=&#8221;default&#8221;][et_pb_image src=&#8221;https:\/\/www.koruspartners.it\/mainardi-tasini\/wp-content\/uploads\/2017\/12\/download-pdf-general.png&#8221; title_text=&#8221;download-pdf-general&#8221; url=&#8221;https:\/\/www.koruspartners.it\/mainardi-tasini\/wp-content\/uploads\/2026\/02\/3-MARZO-2026-DONORATICO-ANC.pdf&#8221; _builder_version=&#8221;4.9.10&#8243; _module_preset=&#8221;default&#8221; hover_enabled=&#8221;0&#8243; sticky_enabled=&#8221;0&#8243;][\/et_pb_image][\/et_pb_column][\/et_pb_row][\/et_pb_section]<\/p>\n","protected":false},"excerpt":{"rendered":"<p>In collaborazione con ANC, si terr\u00e0 un nuovo appuntamento di aggiornamento professionale dedicato ai temi di maggiore attualit\u00e0 per i professionisti del settore. Tra i relatori interverr\u00e0 il Dott. Massimiliano Tasini, che porter\u00e0 il proprio contributo tecnico e operativo, offrendo spunti concreti e strumenti utili per la pratica quotidiana. \u00a0Un\u2019occasione di confronto e approfondimento, all\u2019insegna [&hellip;]<\/p>\n","protected":false},"author":2,"featured_media":215370,"comment_status":"closed","ping_status":"closed","sticky":false,"template":"","format":"standard","meta":{"_et_pb_use_builder":"on","_et_pb_old_content":"","_et_gb_content_width":"","footnotes":""},"categories":[24],"tags":[],"class_list":["post-215368","post","type-post","status-publish","format-standard","has-post-thumbnail","hentry","category-eventi"],"yoast_head":"<!-- This site is optimized with the Yoast SEO plugin v27.5 - https:\/\/yoast.com\/product\/yoast-seo-wordpress\/ -->\n<title>Incontro di aggiornamento professionale- Studio Mainardi Tasini<\/title>\n<meta name=\"robots\" content=\"index, follow, max-snippet:-1, max-image-preview:large, max-video-preview:-1\" \/>\n<link rel=\"canonical\" href=\"https:\/\/www.koruspartners.it\/mainardi-tasini\/eventi\/incontro-di-aggiornamento-professionale\/\" \/>\n<meta property=\"og:locale\" content=\"it_IT\" \/>\n<meta property=\"og:type\" content=\"article\" \/>\n<meta property=\"og:title\" content=\"Incontro di aggiornamento professionale- Studio Mainardi Tasini\" \/>\n<meta property=\"og:description\" content=\"In collaborazione con ANC, si terr\u00e0 un nuovo appuntamento di aggiornamento professionale dedicato ai temi di maggiore attualit\u00e0 per i professionisti del settore. Tra i relatori interverr\u00e0 il Dott. Massimiliano Tasini, che porter\u00e0 il proprio contributo tecnico e operativo, offrendo spunti concreti e strumenti utili per la pratica quotidiana. \u00a0Un\u2019occasione di confronto e approfondimento, all\u2019insegna [&hellip;]\" \/>\n<meta property=\"og:url\" content=\"https:\/\/www.koruspartners.it\/mainardi-tasini\/eventi\/incontro-di-aggiornamento-professionale\/\" \/>\n<meta property=\"og:site_name\" content=\"STUDIO MAINARDI TASINI - Korus Partners\" \/>\n<meta property=\"article:published_time\" content=\"2026-02-25T09:52:11+00:00\" \/>\n<meta property=\"article:modified_time\" content=\"2026-02-25T10:06:09+00:00\" \/>\n<meta property=\"og:image\" content=\"https:\/\/www.koruspartners.it\/mainardi-tasini\/wp-content\/uploads\/2026\/02\/MAINARDI_TASINI_2026_03_3-marzo.jpg\" \/>\n\t<meta property=\"og:image:width\" content=\"800\" \/>\n\t<meta property=\"og:image:height\" content=\"600\" \/>\n\t<meta property=\"og:image:type\" content=\"image\/jpeg\" \/>\n<meta name=\"author\" content=\"retina\" \/>\n<meta name=\"twitter:card\" content=\"summary_large_image\" \/>\n<meta name=\"twitter:label1\" content=\"Scritto da\" \/>\n\t<meta name=\"twitter:data1\" content=\"retina\" \/>\n\t<meta name=\"twitter:label2\" content=\"Tempo di lettura stimato\" \/>\n\t<meta name=\"twitter:data2\" content=\"1 minuto\" \/>\n<script type=\"application\/ld+json\" class=\"yoast-schema-graph\">{\"@context\":\"https:\\\/\\\/schema.org\",\"@graph\":[{\"@type\":\"Article\",\"@id\":\"https:\\\/\\\/www.koruspartners.it\\\/mainardi-tasini\\\/eventi\\\/incontro-di-aggiornamento-professionale\\\/#article\",\"isPartOf\":{\"@id\":\"https:\\\/\\\/www.koruspartners.it\\\/mainardi-tasini\\\/eventi\\\/incontro-di-aggiornamento-professionale\\\/\"},\"author\":{\"name\":\"retina\",\"@id\":\"https:\\\/\\\/www.koruspartners.it\\\/mainardi-tasini\\\/#\\\/schema\\\/person\\\/c18bee58e522d49c4fbe33be87c652cb\"},\"headline\":\"Incontro di aggiornamento professionale&#8211;\",\"datePublished\":\"2026-02-25T09:52:11+00:00\",\"dateModified\":\"2026-02-25T10:06:09+00:00\",\"mainEntityOfPage\":{\"@id\":\"https:\\\/\\\/www.koruspartners.it\\\/mainardi-tasini\\\/eventi\\\/incontro-di-aggiornamento-professionale\\\/\"},\"wordCount\":232,\"image\":{\"@id\":\"https:\\\/\\\/www.koruspartners.it\\\/mainardi-tasini\\\/eventi\\\/incontro-di-aggiornamento-professionale\\\/#primaryimage\"},\"thumbnailUrl\":\"https:\\\/\\\/www.koruspartners.it\\\/mainardi-tasini\\\/wp-content\\\/uploads\\\/2026\\\/02\\\/MAINARDI_TASINI_2026_03_3-marzo.jpg\",\"articleSection\":[\"Eventi\"],\"inLanguage\":\"it-IT\"},{\"@type\":\"WebPage\",\"@id\":\"https:\\\/\\\/www.koruspartners.it\\\/mainardi-tasini\\\/eventi\\\/incontro-di-aggiornamento-professionale\\\/\",\"url\":\"https:\\\/\\\/www.koruspartners.it\\\/mainardi-tasini\\\/eventi\\\/incontro-di-aggiornamento-professionale\\\/\",\"name\":\"Incontro di aggiornamento professionale- Studio Mainardi Tasini\",\"isPartOf\":{\"@id\":\"https:\\\/\\\/www.koruspartners.it\\\/mainardi-tasini\\\/#website\"},\"primaryImageOfPage\":{\"@id\":\"https:\\\/\\\/www.koruspartners.it\\\/mainardi-tasini\\\/eventi\\\/incontro-di-aggiornamento-professionale\\\/#primaryimage\"},\"image\":{\"@id\":\"https:\\\/\\\/www.koruspartners.it\\\/mainardi-tasini\\\/eventi\\\/incontro-di-aggiornamento-professionale\\\/#primaryimage\"},\"thumbnailUrl\":\"https:\\\/\\\/www.koruspartners.it\\\/mainardi-tasini\\\/wp-content\\\/uploads\\\/2026\\\/02\\\/MAINARDI_TASINI_2026_03_3-marzo.jpg\",\"datePublished\":\"2026-02-25T09:52:11+00:00\",\"dateModified\":\"2026-02-25T10:06:09+00:00\",\"author\":{\"@id\":\"https:\\\/\\\/www.koruspartners.it\\\/mainardi-tasini\\\/#\\\/schema\\\/person\\\/c18bee58e522d49c4fbe33be87c652cb\"},\"breadcrumb\":{\"@id\":\"https:\\\/\\\/www.koruspartners.it\\\/mainardi-tasini\\\/eventi\\\/incontro-di-aggiornamento-professionale\\\/#breadcrumb\"},\"inLanguage\":\"it-IT\",\"potentialAction\":[{\"@type\":\"ReadAction\",\"target\":[\"https:\\\/\\\/www.koruspartners.it\\\/mainardi-tasini\\\/eventi\\\/incontro-di-aggiornamento-professionale\\\/\"]}]},{\"@type\":\"ImageObject\",\"inLanguage\":\"it-IT\",\"@id\":\"https:\\\/\\\/www.koruspartners.it\\\/mainardi-tasini\\\/eventi\\\/incontro-di-aggiornamento-professionale\\\/#primaryimage\",\"url\":\"https:\\\/\\\/www.koruspartners.it\\\/mainardi-tasini\\\/wp-content\\\/uploads\\\/2026\\\/02\\\/MAINARDI_TASINI_2026_03_3-marzo.jpg\",\"contentUrl\":\"https:\\\/\\\/www.koruspartners.it\\\/mainardi-tasini\\\/wp-content\\\/uploads\\\/2026\\\/02\\\/MAINARDI_TASINI_2026_03_3-marzo.jpg\",\"width\":800,\"height\":600},{\"@type\":\"BreadcrumbList\",\"@id\":\"https:\\\/\\\/www.koruspartners.it\\\/mainardi-tasini\\\/eventi\\\/incontro-di-aggiornamento-professionale\\\/#breadcrumb\",\"itemListElement\":[{\"@type\":\"ListItem\",\"position\":1,\"name\":\"Home\",\"item\":\"https:\\\/\\\/www.koruspartners.it\\\/mainardi-tasini\\\/\"},{\"@type\":\"ListItem\",\"position\":2,\"name\":\"Incontro di aggiornamento professionale&#8211;\"}]},{\"@type\":\"WebSite\",\"@id\":\"https:\\\/\\\/www.koruspartners.it\\\/mainardi-tasini\\\/#website\",\"url\":\"https:\\\/\\\/www.koruspartners.it\\\/mainardi-tasini\\\/\",\"name\":\"STUDIO MAINARDI TASINI - Korus Partners\",\"description\":\"L\u2019attivit\u00e0 dello studio \u00e8 volta alla valutazione di tutti i profili tributari, penali e civili connessi alla gestione delle liti tra fisco e contribuente\",\"potentialAction\":[{\"@type\":\"SearchAction\",\"target\":{\"@type\":\"EntryPoint\",\"urlTemplate\":\"https:\\\/\\\/www.koruspartners.it\\\/mainardi-tasini\\\/?s={search_term_string}\"},\"query-input\":{\"@type\":\"PropertyValueSpecification\",\"valueRequired\":true,\"valueName\":\"search_term_string\"}}],\"inLanguage\":\"it-IT\"},{\"@type\":\"Person\",\"@id\":\"https:\\\/\\\/www.koruspartners.it\\\/mainardi-tasini\\\/#\\\/schema\\\/person\\\/c18bee58e522d49c4fbe33be87c652cb\",\"name\":\"retina\",\"image\":{\"@type\":\"ImageObject\",\"inLanguage\":\"it-IT\",\"@id\":\"https:\\\/\\\/secure.gravatar.com\\\/avatar\\\/01e5cb7bd8957d3c7329adaf85eccd9e084fe652f912fcc7141e5b4444a56f84?s=96&d=mm&r=g\",\"url\":\"https:\\\/\\\/secure.gravatar.com\\\/avatar\\\/01e5cb7bd8957d3c7329adaf85eccd9e084fe652f912fcc7141e5b4444a56f84?s=96&d=mm&r=g\",\"contentUrl\":\"https:\\\/\\\/secure.gravatar.com\\\/avatar\\\/01e5cb7bd8957d3c7329adaf85eccd9e084fe652f912fcc7141e5b4444a56f84?s=96&d=mm&r=g\",\"caption\":\"retina\"},\"url\":\"https:\\\/\\\/www.koruspartners.it\\\/mainardi-tasini\\\/author\\\/retina\\\/\"}]}<\/script>\n<!-- \/ Yoast SEO plugin. -->","yoast_head_json":{"title":"Incontro di aggiornamento professionale- Studio Mainardi Tasini","robots":{"index":"index","follow":"follow","max-snippet":"max-snippet:-1","max-image-preview":"max-image-preview:large","max-video-preview":"max-video-preview:-1"},"canonical":"https:\/\/www.koruspartners.it\/mainardi-tasini\/eventi\/incontro-di-aggiornamento-professionale\/","og_locale":"it_IT","og_type":"article","og_title":"Incontro di aggiornamento professionale- Studio Mainardi Tasini","og_description":"In collaborazione con ANC, si terr\u00e0 un nuovo appuntamento di aggiornamento professionale dedicato ai temi di maggiore attualit\u00e0 per i professionisti del settore. Tra i relatori interverr\u00e0 il Dott. Massimiliano Tasini, che porter\u00e0 il proprio contributo tecnico e operativo, offrendo spunti concreti e strumenti utili per la pratica quotidiana. \u00a0Un\u2019occasione di confronto e approfondimento, all\u2019insegna [&hellip;]","og_url":"https:\/\/www.koruspartners.it\/mainardi-tasini\/eventi\/incontro-di-aggiornamento-professionale\/","og_site_name":"STUDIO MAINARDI TASINI - Korus Partners","article_published_time":"2026-02-25T09:52:11+00:00","article_modified_time":"2026-02-25T10:06:09+00:00","og_image":[{"width":800,"height":600,"url":"https:\/\/www.koruspartners.it\/mainardi-tasini\/wp-content\/uploads\/2026\/02\/MAINARDI_TASINI_2026_03_3-marzo.jpg","type":"image\/jpeg"}],"author":"retina","twitter_card":"summary_large_image","twitter_misc":{"Scritto da":"retina","Tempo di lettura stimato":"1 minuto"},"schema":{"@context":"https:\/\/schema.org","@graph":[{"@type":"Article","@id":"https:\/\/www.koruspartners.it\/mainardi-tasini\/eventi\/incontro-di-aggiornamento-professionale\/#article","isPartOf":{"@id":"https:\/\/www.koruspartners.it\/mainardi-tasini\/eventi\/incontro-di-aggiornamento-professionale\/"},"author":{"name":"retina","@id":"https:\/\/www.koruspartners.it\/mainardi-tasini\/#\/schema\/person\/c18bee58e522d49c4fbe33be87c652cb"},"headline":"Incontro di aggiornamento professionale&#8211;","datePublished":"2026-02-25T09:52:11+00:00","dateModified":"2026-02-25T10:06:09+00:00","mainEntityOfPage":{"@id":"https:\/\/www.koruspartners.it\/mainardi-tasini\/eventi\/incontro-di-aggiornamento-professionale\/"},"wordCount":232,"image":{"@id":"https:\/\/www.koruspartners.it\/mainardi-tasini\/eventi\/incontro-di-aggiornamento-professionale\/#primaryimage"},"thumbnailUrl":"https:\/\/www.koruspartners.it\/mainardi-tasini\/wp-content\/uploads\/2026\/02\/MAINARDI_TASINI_2026_03_3-marzo.jpg","articleSection":["Eventi"],"inLanguage":"it-IT"},{"@type":"WebPage","@id":"https:\/\/www.koruspartners.it\/mainardi-tasini\/eventi\/incontro-di-aggiornamento-professionale\/","url":"https:\/\/www.koruspartners.it\/mainardi-tasini\/eventi\/incontro-di-aggiornamento-professionale\/","name":"Incontro di aggiornamento professionale- Studio Mainardi Tasini","isPartOf":{"@id":"https:\/\/www.koruspartners.it\/mainardi-tasini\/#website"},"primaryImageOfPage":{"@id":"https:\/\/www.koruspartners.it\/mainardi-tasini\/eventi\/incontro-di-aggiornamento-professionale\/#primaryimage"},"image":{"@id":"https:\/\/www.koruspartners.it\/mainardi-tasini\/eventi\/incontro-di-aggiornamento-professionale\/#primaryimage"},"thumbnailUrl":"https:\/\/www.koruspartners.it\/mainardi-tasini\/wp-content\/uploads\/2026\/02\/MAINARDI_TASINI_2026_03_3-marzo.jpg","datePublished":"2026-02-25T09:52:11+00:00","dateModified":"2026-02-25T10:06:09+00:00","author":{"@id":"https:\/\/www.koruspartners.it\/mainardi-tasini\/#\/schema\/person\/c18bee58e522d49c4fbe33be87c652cb"},"breadcrumb":{"@id":"https:\/\/www.koruspartners.it\/mainardi-tasini\/eventi\/incontro-di-aggiornamento-professionale\/#breadcrumb"},"inLanguage":"it-IT","potentialAction":[{"@type":"ReadAction","target":["https:\/\/www.koruspartners.it\/mainardi-tasini\/eventi\/incontro-di-aggiornamento-professionale\/"]}]},{"@type":"ImageObject","inLanguage":"it-IT","@id":"https:\/\/www.koruspartners.it\/mainardi-tasini\/eventi\/incontro-di-aggiornamento-professionale\/#primaryimage","url":"https:\/\/www.koruspartners.it\/mainardi-tasini\/wp-content\/uploads\/2026\/02\/MAINARDI_TASINI_2026_03_3-marzo.jpg","contentUrl":"https:\/\/www.koruspartners.it\/mainardi-tasini\/wp-content\/uploads\/2026\/02\/MAINARDI_TASINI_2026_03_3-marzo.jpg","width":800,"height":600},{"@type":"BreadcrumbList","@id":"https:\/\/www.koruspartners.it\/mainardi-tasini\/eventi\/incontro-di-aggiornamento-professionale\/#breadcrumb","itemListElement":[{"@type":"ListItem","position":1,"name":"Home","item":"https:\/\/www.koruspartners.it\/mainardi-tasini\/"},{"@type":"ListItem","position":2,"name":"Incontro di aggiornamento professionale&#8211;"}]},{"@type":"WebSite","@id":"https:\/\/www.koruspartners.it\/mainardi-tasini\/#website","url":"https:\/\/www.koruspartners.it\/mainardi-tasini\/","name":"STUDIO MAINARDI TASINI - Korus Partners","description":"L\u2019attivit\u00e0 dello studio \u00e8 volta alla valutazione di tutti i profili tributari, penali e civili connessi alla gestione delle liti tra fisco e contribuente","potentialAction":[{"@type":"SearchAction","target":{"@type":"EntryPoint","urlTemplate":"https:\/\/www.koruspartners.it\/mainardi-tasini\/?s={search_term_string}"},"query-input":{"@type":"PropertyValueSpecification","valueRequired":true,"valueName":"search_term_string"}}],"inLanguage":"it-IT"},{"@type":"Person","@id":"https:\/\/www.koruspartners.it\/mainardi-tasini\/#\/schema\/person\/c18bee58e522d49c4fbe33be87c652cb","name":"retina","image":{"@type":"ImageObject","inLanguage":"it-IT","@id":"https:\/\/secure.gravatar.com\/avatar\/01e5cb7bd8957d3c7329adaf85eccd9e084fe652f912fcc7141e5b4444a56f84?s=96&d=mm&r=g","url":"https:\/\/secure.gravatar.com\/avatar\/01e5cb7bd8957d3c7329adaf85eccd9e084fe652f912fcc7141e5b4444a56f84?s=96&d=mm&r=g","contentUrl":"https:\/\/secure.gravatar.com\/avatar\/01e5cb7bd8957d3c7329adaf85eccd9e084fe652f912fcc7141e5b4444a56f84?s=96&d=mm&r=g","caption":"retina"},"url":"https:\/\/www.koruspartners.it\/mainardi-tasini\/author\/retina\/"}]}},"_links":{"self":[{"href":"https:\/\/www.koruspartners.it\/mainardi-tasini\/wp-json\/wp\/v2\/posts\/215368","targetHints":{"allow":["GET"]}}],"collection":[{"href":"https:\/\/www.koruspartners.it\/mainardi-tasini\/wp-json\/wp\/v2\/posts"}],"about":[{"href":"https:\/\/www.koruspartners.it\/mainardi-tasini\/wp-json\/wp\/v2\/types\/post"}],"author":[{"embeddable":true,"href":"https:\/\/www.koruspartners.it\/mainardi-tasini\/wp-json\/wp\/v2\/users\/2"}],"replies":[{"embeddable":true,"href":"https:\/\/www.koruspartners.it\/mainardi-tasini\/wp-json\/wp\/v2\/comments?post=215368"}],"version-history":[{"count":2,"href":"https:\/\/www.koruspartners.it\/mainardi-tasini\/wp-json\/wp\/v2\/posts\/215368\/revisions"}],"predecessor-version":[{"id":215372,"href":"https:\/\/www.koruspartners.it\/mainardi-tasini\/wp-json\/wp\/v2\/posts\/215368\/revisions\/215372"}],"wp:featuredmedia":[{"embeddable":true,"href":"https:\/\/www.koruspartners.it\/mainardi-tasini\/wp-json\/wp\/v2\/media\/215370"}],"wp:attachment":[{"href":"https:\/\/www.koruspartners.it\/mainardi-tasini\/wp-json\/wp\/v2\/media?parent=215368"}],"wp:term":[{"taxonomy":"category","embeddable":true,"href":"https:\/\/www.koruspartners.it\/mainardi-tasini\/wp-json\/wp\/v2\/categories?post=215368"},{"taxonomy":"post_tag","embeddable":true,"href":"https:\/\/www.koruspartners.it\/mainardi-tasini\/wp-json\/wp\/v2\/tags?post=215368"}],"curies":[{"name":"wp","href":"https:\/\/api.w.org\/{rel}","templated":true}]}}